{"id":276,"date":"2022-09-03T00:57:35","date_gmt":"2022-09-02T22:57:35","guid":{"rendered":"http:\/\/presenk.cluster031.hosting.ovh.net\/?p=276"},"modified":"2022-09-03T01:02:59","modified_gmt":"2022-09-02T23:02:59","slug":"rencontre-bien-etre-au-jardin-a-table-chez-valerie-a-faverolles","status":"publish","type":"post","link":"https:\/\/presenceencorps.fr\/index.php\/2022\/09\/03\/rencontre-bien-etre-au-jardin-a-table-chez-valerie-a-faverolles\/","title":{"rendered":"Rencontre Bien-\u00catre au Jardin \u00ab\u00a0A table chez Val\u00e9rie\u00a0\u00bb \u00e0 Faverolles"},"content":{"rendered":"\t\t<div data-elementor-type=\"wp-post\" data-elementor-id=\"276\" class=\"elementor elementor-276\">\n\t\t\t\t\t\t\t\t\t<section class=\"elementor-section elementor-top-section elementor-element elementor-element-1abc4a3 elementor-section-boxed elementor-section-height-default elementor-section-height-default\" data-id=\"1abc4a3\" data-element_type=\"section\">\n\t\t\t\t\t\t<div class=\"elementor-container elementor-column-gap-default\">\n\t\t\t\t\t<div class=\"elementor-column elementor-col-100 elementor-top-column elementor-element elementor-element-aa29217\" data-id=\"aa29217\" data-element_type=\"column\">\n\t\t\t<div class=\"elementor-widget-wrap elementor-element-populated\">\n\t\t\t\t\t\t\t\t<div class=\"elementor-element elementor-element-52029a1 elementor-widget elementor-widget-text-editor\" data-id=\"52029a1\" data-element_type=\"widget\" data-widget_type=\"text-editor.default\">\n\t\t\t\t<div class=\"elementor-widget-container\">\n\t\t\t<style>\/*! elementor - v3.18.0 - 20-12-2023 *\/\n.elementor-widget-text-editor.elementor-drop-cap-view-stacked .elementor-drop-cap{background-color:#69727d;color:#fff}.elementor-widget-text-editor.elementor-drop-cap-view-framed .elementor-drop-cap{color:#69727d;border:3px solid;background-color:transparent}.elementor-widget-text-editor:not(.elementor-drop-cap-view-default) .elementor-drop-cap{margin-top:8px}.elementor-widget-text-editor:not(.elementor-drop-cap-view-default) .elementor-drop-cap-letter{width:1em;height:1em}.elementor-widget-text-editor .elementor-drop-cap{float:left;text-align:center;line-height:1;font-size:50px}.elementor-widget-text-editor .elementor-drop-cap-letter{display:inline-block}<\/style>\t\t\t\t<div class=\"m8h3af8h l7ghb35v kjdc1dyq kmwttqpk gh25dzvf n3t5jt4f\"><div dir=\"auto\">J&rsquo;aurai le plaisir de vous pr\u00e9senter mes soins<\/div><div dir=\"auto\">le Dimanche 25 Septembre 2022 de 10h a 19h aux Rencontres Bien-\u00catre chez Val\u00e9rie \u00e0 Faverolles sur Cher.<\/div><\/div><div class=\"l7ghb35v kjdc1dyq kmwttqpk gh25dzvf jikcssrz n3t5jt4f\"><div dir=\"auto\">Dans le jardin de Val\u00e9rie et avec grand plaisir, je vous proposerai des s\u00e9ances de :<\/div><\/div><div class=\"l7ghb35v kjdc1dyq kmwttqpk gh25dzvf jikcssrz n3t5jt4f\"><div dir=\"auto\">&#8211; Fasciath\u00e9rapie pour d\u00e9tendre votre corps tout en douceur et en profondeur<\/div><\/div><div class=\"l7ghb35v kjdc1dyq kmwttqpk gh25dzvf jikcssrz n3t5jt4f\"><div dir=\"auto\">&#8211; Accompagnement \u00e0 la f\u00e9minit\u00e9<\/div><\/div><div class=\"l7ghb35v kjdc1dyq kmwttqpk gh25dzvf jikcssrz n3t5jt4f\"><div dir=\"auto\">&#8211; Expressivit\u00e9 et spiritualit\u00e9 gr\u00e2ce \u00e0 la Danse du Sensible qui associe m\u00e9ditation, communication non violente et expression sensible de soi.<\/div><\/div><div class=\"l7ghb35v kjdc1dyq kmwttqpk gh25dzvf jikcssrz n3t5jt4f\"><div dir=\"auto\">Venez nombreux<span class=\"fxk3tzhb b2rh1bv3 gh55jysx m8h3af8h ewco64xe kjdc1dyq ms56khn7 bq6c9xl4 eohcrkr5 akh3l2rg\"><img decoding=\"async\" src=\"https:\/\/static.xx.fbcdn.net\/images\/emoji.php\/v9\/tef\/1.5\/16\/1f49c.png\" alt=\"\ud83d\udc9c\" width=\"16\" height=\"16\" \/><\/span><span class=\"fxk3tzhb b2rh1bv3 gh55jysx m8h3af8h ewco64xe kjdc1dyq ms56khn7 bq6c9xl4 eohcrkr5 akh3l2rg\"><img decoding=\"async\" src=\"https:\/\/static.xx.fbcdn.net\/images\/emoji.php\/v9\/t6c\/1.5\/16\/1f308.png\" alt=\"\ud83c\udf08\" width=\"16\" height=\"16\" \/><\/span><\/div><\/div><div class=\"l7ghb35v kjdc1dyq kmwttqpk gh25dzvf jikcssrz n3t5jt4f\"><div dir=\"auto\">J&rsquo;animerai un atelier de 2h Bien-\u00catre en corps de 14h30 \u00e0 16h30.<\/div><\/div><div class=\"l7ghb35v kjdc1dyq kmwttqpk gh25dzvf jikcssrz n3t5jt4f\"><div dir=\"auto\">Avec c\u0153ur,<\/div><\/div><div class=\"l7ghb35v kjdc1dyq kmwttqpk gh25dzvf jikcssrz n3t5jt4f\"><div dir=\"auto\">Celine Arandel<\/div><div dir=\"auto\">\u00a0<\/div><\/div><div dir=\"auto\"><a href=\"https:\/\/www.facebook.com\/events\/1107019406920215\/?ref=newsfeed\" target=\"_blank\" rel=\"noopener\">Faverolles<\/a><\/div><p>\u00a0<\/p>\t\t\t\t\t\t<\/div>\n\t\t\t\t<\/div>\n\t\t\t\t\t<\/div>\n\t\t<\/div>\n\t\t\t\t\t\t\t<\/div>\n\t\t<\/section>\n\t\t\t\t\t\t\t<\/div>\n\t\t","protected":false},"excerpt":{"rendered":"<p>J&rsquo;aurai le plaisir de vous pr\u00e9senter mes soinsle Dimanche 25 Septembre 2022 de 10h a 19h aux Rencontres Bien-\u00catre chez Val\u00e9rie \u00e0 Faverolles sur Cher.Dans le jardin de Val\u00e9rie et avec grand plaisir, je vous proposerai des s\u00e9ances de :- Fasciath\u00e9rapie pour d\u00e9tendre votre corps tout en douceur et en profondeur- Accompagnement \u00e0 la f\u00e9minit\u00e9- <a class=\"read-more\" href=\"https:\/\/presenceencorps.fr\/index.php\/2022\/09\/03\/rencontre-bien-etre-au-jardin-a-table-chez-valerie-a-faverolles\/\">Read More<\/a><\/p>\n","protected":false},"author":1,"featured_media":0,"comment_status":"open","ping_status":"open","sticky":false,"template":"","format":"standard","meta":{"footnotes":""},"categories":[5,1],"tags":[],"class_list":["post-276","post","type-post","status-publish","format-standard","hentry","category-actus","category-non-classe"],"yoast_head":"<!-- This site is optimized with the Yoast SEO plugin v21.7 - https:\/\/yoast.com\/wordpress\/plugins\/seo\/ -->\n<title>Rencontre Bien-\u00catre au Jardin &quot;A table chez Val\u00e9rie&quot; \u00e0 Faverolles - C\u00e9line Arandel<\/title>\n<meta name=\"robots\" content=\"index, follow, max-snippet:-1, max-image-preview:large, max-video-preview:-1\" \/>\n<link rel=\"canonical\" href=\"https:\/\/presenceencorps.fr\/index.php\/2022\/09\/03\/rencontre-bien-etre-au-jardin-a-table-chez-valerie-a-faverolles\/\" \/>\n<meta property=\"og:locale\" content=\"fr_FR\" \/>\n<meta property=\"og:type\" content=\"article\" \/>\n<meta property=\"og:title\" content=\"Rencontre Bien-\u00catre au Jardin &quot;A table chez Val\u00e9rie&quot; \u00e0 Faverolles - C\u00e9line Arandel\" \/>\n<meta property=\"og:description\" content=\"J&rsquo;aurai le plaisir de vous pr\u00e9senter mes soinsle Dimanche 25 Septembre 2022 de 10h a 19h aux Rencontres Bien-\u00catre chez Val\u00e9rie \u00e0 Faverolles sur Cher.Dans le jardin de Val\u00e9rie et avec grand plaisir, je vous proposerai des s\u00e9ances de :- Fasciath\u00e9rapie pour d\u00e9tendre votre corps tout en douceur et en profondeur- Accompagnement \u00e0 la f\u00e9minit\u00e9- Read More\" \/>\n<meta property=\"og:url\" content=\"https:\/\/presenceencorps.fr\/index.php\/2022\/09\/03\/rencontre-bien-etre-au-jardin-a-table-chez-valerie-a-faverolles\/\" \/>\n<meta property=\"og:site_name\" content=\"C\u00e9line Arandel\" \/>\n<meta property=\"article:published_time\" content=\"2022-09-02T22:57:35+00:00\" \/>\n<meta property=\"article:modified_time\" content=\"2022-09-02T23:02:59+00:00\" \/>\n<meta property=\"og:image\" content=\"https:\/\/static.xx.fbcdn.net\/images\/emoji.php\/v9\/tef\/1.5\/16\/1f49c.png\" \/>\n<meta name=\"author\" content=\"admin2865\" \/>\n<meta name=\"twitter:card\" content=\"summary_large_image\" \/>\n<meta name=\"twitter:label1\" content=\"\u00c9crit par\" \/>\n\t<meta name=\"twitter:data1\" content=\"admin2865\" \/>\n\t<meta name=\"twitter:label2\" content=\"Dur\u00e9e de lecture estim\u00e9e\" \/>\n\t<meta name=\"twitter:data2\" content=\"1 minute\" \/>\n<script type=\"application\/ld+json\" class=\"yoast-schema-graph\">{\"@context\":\"https:\/\/schema.org\",\"@graph\":[{\"@type\":\"WebPage\",\"@id\":\"https:\/\/presenceencorps.fr\/index.php\/2022\/09\/03\/rencontre-bien-etre-au-jardin-a-table-chez-valerie-a-faverolles\/\",\"url\":\"https:\/\/presenceencorps.fr\/index.php\/2022\/09\/03\/rencontre-bien-etre-au-jardin-a-table-chez-valerie-a-faverolles\/\",\"name\":\"Rencontre Bien-\u00catre au Jardin \\\"A table chez Val\u00e9rie\\\" \u00e0 Faverolles - C\u00e9line Arandel\",\"isPartOf\":{\"@id\":\"https:\/\/presenceencorps.fr\/#website\"},\"datePublished\":\"2022-09-02T22:57:35+00:00\",\"dateModified\":\"2022-09-02T23:02:59+00:00\",\"author\":{\"@id\":\"https:\/\/presenceencorps.fr\/#\/schema\/person\/8659d357c4d73250e1ab17a4835790e8\"},\"breadcrumb\":{\"@id\":\"https:\/\/presenceencorps.fr\/index.php\/2022\/09\/03\/rencontre-bien-etre-au-jardin-a-table-chez-valerie-a-faverolles\/#breadcrumb\"},\"inLanguage\":\"fr-FR\",\"potentialAction\":[{\"@type\":\"ReadAction\",\"target\":[\"https:\/\/presenceencorps.fr\/index.php\/2022\/09\/03\/rencontre-bien-etre-au-jardin-a-table-chez-valerie-a-faverolles\/\"]}]},{\"@type\":\"BreadcrumbList\",\"@id\":\"https:\/\/presenceencorps.fr\/index.php\/2022\/09\/03\/rencontre-bien-etre-au-jardin-a-table-chez-valerie-a-faverolles\/#breadcrumb\",\"itemListElement\":[{\"@type\":\"ListItem\",\"position\":1,\"name\":\"Accueil\",\"item\":\"https:\/\/presenceencorps.fr\/\"},{\"@type\":\"ListItem\",\"position\":2,\"name\":\"Rencontre Bien-\u00catre au Jardin \u00ab\u00a0A table chez Val\u00e9rie\u00a0\u00bb \u00e0 Faverolles\"}]},{\"@type\":\"WebSite\",\"@id\":\"https:\/\/presenceencorps.fr\/#website\",\"url\":\"https:\/\/presenceencorps.fr\/\",\"name\":\"C\u00e9line Arandel\",\"description\":\"Fasciath\u00e9rapeute, Coaching de vie, Danse du Sensible, Accompagnement \u00e0 la f\u00e9minit\u00e9 et \u00e0 l&#039;expressivit\u00e9\",\"potentialAction\":[{\"@type\":\"SearchAction\",\"target\":{\"@type\":\"EntryPoint\",\"urlTemplate\":\"https:\/\/presenceencorps.fr\/?s={search_term_string}\"},\"query-input\":\"required name=search_term_string\"}],\"inLanguage\":\"fr-FR\"},{\"@type\":\"Person\",\"@id\":\"https:\/\/presenceencorps.fr\/#\/schema\/person\/8659d357c4d73250e1ab17a4835790e8\",\"name\":\"admin2865\",\"image\":{\"@type\":\"ImageObject\",\"inLanguage\":\"fr-FR\",\"@id\":\"https:\/\/presenceencorps.fr\/#\/schema\/person\/image\/\",\"url\":\"https:\/\/secure.gravatar.com\/avatar\/2a35e5abe7cafa027c46fafe3b353c898ed04d0657803b75deba13954c1ffafc?s=96&d=mm&r=g\",\"contentUrl\":\"https:\/\/secure.gravatar.com\/avatar\/2a35e5abe7cafa027c46fafe3b353c898ed04d0657803b75deba13954c1ffafc?s=96&d=mm&r=g\",\"caption\":\"admin2865\"},\"sameAs\":[\"http:\/\/presenk.cluster031.hosting.ovh.net\"],\"url\":\"https:\/\/presenceencorps.fr\/index.php\/author\/admin2865\/\"}]}<\/script>\n<!-- \/ Yoast SEO plugin. -->","yoast_head_json":{"title":"Rencontre Bien-\u00catre au Jardin \"A table chez Val\u00e9rie\" \u00e0 Faverolles - C\u00e9line Arandel","robots":{"index":"index","follow":"follow","max-snippet":"max-snippet:-1","max-image-preview":"max-image-preview:large","max-video-preview":"max-video-preview:-1"},"canonical":"https:\/\/presenceencorps.fr\/index.php\/2022\/09\/03\/rencontre-bien-etre-au-jardin-a-table-chez-valerie-a-faverolles\/","og_locale":"fr_FR","og_type":"article","og_title":"Rencontre Bien-\u00catre au Jardin \"A table chez Val\u00e9rie\" \u00e0 Faverolles - C\u00e9line Arandel","og_description":"J&rsquo;aurai le plaisir de vous pr\u00e9senter mes soinsle Dimanche 25 Septembre 2022 de 10h a 19h aux Rencontres Bien-\u00catre chez Val\u00e9rie \u00e0 Faverolles sur Cher.Dans le jardin de Val\u00e9rie et avec grand plaisir, je vous proposerai des s\u00e9ances de :- Fasciath\u00e9rapie pour d\u00e9tendre votre corps tout en douceur et en profondeur- Accompagnement \u00e0 la f\u00e9minit\u00e9- Read More","og_url":"https:\/\/presenceencorps.fr\/index.php\/2022\/09\/03\/rencontre-bien-etre-au-jardin-a-table-chez-valerie-a-faverolles\/","og_site_name":"C\u00e9line Arandel","article_published_time":"2022-09-02T22:57:35+00:00","article_modified_time":"2022-09-02T23:02:59+00:00","og_image":[{"url":"https:\/\/static.xx.fbcdn.net\/images\/emoji.php\/v9\/tef\/1.5\/16\/1f49c.png"}],"author":"admin2865","twitter_card":"summary_large_image","twitter_misc":{"\u00c9crit par":"admin2865","Dur\u00e9e de lecture estim\u00e9e":"1 minute"},"schema":{"@context":"https:\/\/schema.org","@graph":[{"@type":"WebPage","@id":"https:\/\/presenceencorps.fr\/index.php\/2022\/09\/03\/rencontre-bien-etre-au-jardin-a-table-chez-valerie-a-faverolles\/","url":"https:\/\/presenceencorps.fr\/index.php\/2022\/09\/03\/rencontre-bien-etre-au-jardin-a-table-chez-valerie-a-faverolles\/","name":"Rencontre Bien-\u00catre au Jardin \"A table chez Val\u00e9rie\" \u00e0 Faverolles - C\u00e9line Arandel","isPartOf":{"@id":"https:\/\/presenceencorps.fr\/#website"},"datePublished":"2022-09-02T22:57:35+00:00","dateModified":"2022-09-02T23:02:59+00:00","author":{"@id":"https:\/\/presenceencorps.fr\/#\/schema\/person\/8659d357c4d73250e1ab17a4835790e8"},"breadcrumb":{"@id":"https:\/\/presenceencorps.fr\/index.php\/2022\/09\/03\/rencontre-bien-etre-au-jardin-a-table-chez-valerie-a-faverolles\/#breadcrumb"},"inLanguage":"fr-FR","potentialAction":[{"@type":"ReadAction","target":["https:\/\/presenceencorps.fr\/index.php\/2022\/09\/03\/rencontre-bien-etre-au-jardin-a-table-chez-valerie-a-faverolles\/"]}]},{"@type":"BreadcrumbList","@id":"https:\/\/presenceencorps.fr\/index.php\/2022\/09\/03\/rencontre-bien-etre-au-jardin-a-table-chez-valerie-a-faverolles\/#breadcrumb","itemListElement":[{"@type":"ListItem","position":1,"name":"Accueil","item":"https:\/\/presenceencorps.fr\/"},{"@type":"ListItem","position":2,"name":"Rencontre Bien-\u00catre au Jardin \u00ab\u00a0A table chez Val\u00e9rie\u00a0\u00bb \u00e0 Faverolles"}]},{"@type":"WebSite","@id":"https:\/\/presenceencorps.fr\/#website","url":"https:\/\/presenceencorps.fr\/","name":"C\u00e9line Arandel","description":"Fasciath\u00e9rapeute, Coaching de vie, Danse du Sensible, Accompagnement \u00e0 la f\u00e9minit\u00e9 et \u00e0 l&#039;expressivit\u00e9","potentialAction":[{"@type":"SearchAction","target":{"@type":"EntryPoint","urlTemplate":"https:\/\/presenceencorps.fr\/?s={search_term_string}"},"query-input":"required name=search_term_string"}],"inLanguage":"fr-FR"},{"@type":"Person","@id":"https:\/\/presenceencorps.fr\/#\/schema\/person\/8659d357c4d73250e1ab17a4835790e8","name":"admin2865","image":{"@type":"ImageObject","inLanguage":"fr-FR","@id":"https:\/\/presenceencorps.fr\/#\/schema\/person\/image\/","url":"https:\/\/secure.gravatar.com\/avatar\/2a35e5abe7cafa027c46fafe3b353c898ed04d0657803b75deba13954c1ffafc?s=96&d=mm&r=g","contentUrl":"https:\/\/secure.gravatar.com\/avatar\/2a35e5abe7cafa027c46fafe3b353c898ed04d0657803b75deba13954c1ffafc?s=96&d=mm&r=g","caption":"admin2865"},"sameAs":["http:\/\/presenk.cluster031.hosting.ovh.net"],"url":"https:\/\/presenceencorps.fr\/index.php\/author\/admin2865\/"}]}},"_links":{"self":[{"href":"https:\/\/presenceencorps.fr\/index.php\/wp-json\/wp\/v2\/posts\/276","targetHints":{"allow":["GET"]}}],"collection":[{"href":"https:\/\/presenceencorps.fr\/index.php\/wp-json\/wp\/v2\/posts"}],"about":[{"href":"https:\/\/presenceencorps.fr\/index.php\/wp-json\/wp\/v2\/types\/post"}],"author":[{"embeddable":true,"href":"https:\/\/presenceencorps.fr\/index.php\/wp-json\/wp\/v2\/users\/1"}],"replies":[{"embeddable":true,"href":"https:\/\/presenceencorps.fr\/index.php\/wp-json\/wp\/v2\/comments?post=276"}],"version-history":[{"count":5,"href":"https:\/\/presenceencorps.fr\/index.php\/wp-json\/wp\/v2\/posts\/276\/revisions"}],"predecessor-version":[{"id":281,"href":"https:\/\/presenceencorps.fr\/index.php\/wp-json\/wp\/v2\/posts\/276\/revisions\/281"}],"wp:attachment":[{"href":"https:\/\/presenceencorps.fr\/index.php\/wp-json\/wp\/v2\/media?parent=276"}],"wp:term":[{"taxonomy":"category","embeddable":true,"href":"https:\/\/presenceencorps.fr\/index.php\/wp-json\/wp\/v2\/categories?post=276"},{"taxonomy":"post_tag","embeddable":true,"href":"https:\/\/presenceencorps.fr\/index.php\/wp-json\/wp\/v2\/tags?post=276"}],"curies":[{"name":"wp","href":"https:\/\/api.w.org\/{rel}","templated":true}]}}